{"id":448,"date":"2024-04-05T16:48:55","date_gmt":"2024-04-05T16:48:55","guid":{"rendered":"https:\/\/camrail.cm\/?p=448"},"modified":"2024-04-08T15:39:24","modified_gmt":"2024-04-08T15:39:24","slug":"cameroun-camrail-annonce-une-reorganisation-et-un-renforcement-de-ses-activites","status":"publish","type":"post","link":"https:\/\/camrail.cm\/en\/2024\/04\/05\/cameroun-camrail-annonce-une-reorganisation-et-un-renforcement-de-ses-activites\/","title":{"rendered":"Cameroun  : Camrail annonce une r\u00e9organisation et un renforcement de ses activit\u00e9s"},"content":{"rendered":"<p>La soci\u00e9t\u00e9 concessionnaire du transport ferroviaire au Cameroun, la Cameroon Railways (Camrail), filiale du groupe fran\u00e7ais Bollor\u00e9, va proc\u00e9der \u00e0 la r\u00e9organisation et au renforcement de ses activit\u00e9s, a annonc\u00e9 Pascal Miny, le directeur g\u00e9n\u00e9ral. Intervenant \u00e0 l&rsquo;occasion d&rsquo;une c\u00e9r\u00e9monie officielle ce week-end, il a expliqu\u00e9 que cela se fera \u00e0 travers la mise en service des nouvelles locomotives.<\/p>\n<p>&nbsp;<\/p>\n<p>Cameroon Railways (Camrail) va mettre en service de nouvelles locomotives. C&rsquo;est ce qu&rsquo;a annonc\u00e9 ce week-end, le directeur g\u00e9n\u00e9ral de la filiale de\u00a0Bollor\u00e9\u00a0Transport &amp;\u00a0Logistics,\u00a0soci\u00e9t\u00e9 concessionnaire du transport ferroviaire dans le pays, Pascal Miny, qui a indiqu\u00e9 que sa soci\u00e9t\u00e9 proc\u00e9dera ainsi \u00e0 la r\u00e9organisation et au renforcement de ses activit\u00e9s. Le Top management a ajout\u00e9 que ces nouveaux engins devraient \u00eatre op\u00e9rationnels avant la Coupe d&rsquo;Afrique des Nations (CAN) 2019 qu&rsquo;abritera le Cameroun.<\/p>\n<p>L&rsquo;annonce du directeur g\u00e9n\u00e9ral, Pascal Miny, est intervenue \u00e0 l&rsquo;occasion d&rsquo;une c\u00e9r\u00e9monie en pr\u00e9lude \u00e0 la comm\u00e9moration ce dimanche le 21 octobre 2018, du second anniversaire de l&rsquo;<a href=\"https:\/\/afrique.latribune.fr\/afrique-centrale\/cameroun\/2016-10-23\/cameroun-\/-deraillement-etranges-coincidences-au-matin-du-drame.html\">accident ferroviaire d&rsquo;Eseka<\/a>\u00a0ayant officiellement fait 79 morts et 600 bless\u00e9s. \u00ab\u00a0<em>L&rsquo;organisation de cette c\u00e9r\u00e9monie de communion avec les orphelins de l&rsquo;accident d&rsquo;Eseka est un accompagnement pour marquer notre solidarit\u00e9 \u00e0 ces enfants qui, au-del\u00e0 des autres aspects li\u00e9s aux indemnisations des ayants droits, ont re\u00e7u des bons scolaires afin de poursuivre leurs \u00e9tudes<\/em>\u00a0\u00bb, a d&rsquo;ailleurs comment\u00e9 le responsable.<\/p>\n<p><span class=\"widgetlink\">Lire aussi :<a href=\"https:\/\/afrique.latribune.fr\/afrique-centrale\/cameroun\/2016-10-23\/cameroun\/bollore-cyrille-a-l-epreuve-du-deraillement.html\">Cameroun\/Bollor\u00e9\u00a0: Cyrille \u00e0 l&rsquo;\u00e9preuve du d\u00e9raillement<\/a><\/span><\/p>\n<p>A noter qu&rsquo;au total 88 orphelins des victimes de la catastrophe ferroviaire ont re\u00e7u l&rsquo;appui des responsables de Camrail lors des c\u00e9r\u00e9monies qui ont respectivement eu lieu dans les villes de Douala, Yaound\u00e9 et Ngaound\u00e9r\u00e9. La soci\u00e9t\u00e9 avait \u00e9t\u00e9 condamn\u00e9e par la justice camerounaise pour \u00ab<em>homicide, blessures involontaires et activit\u00e9s dangereuses<\/em>\u00a0\u00bb et devrait donc indemniser les victimes, m\u00eame si ses avocats ont d\u00e9nonc\u00e9 un verdict pris en \u00ab\u00a0<em>l&rsquo;absence de toute expertise qualifi\u00e9e et comp\u00e9tente<\/em>\u00a0\u00bb et interjet\u00e9 appel de la d\u00e9cision.<\/p>","protected":false},"excerpt":{"rendered":"<p>La soci\u00e9t\u00e9 concessionnaire du transport ferroviaire au Cameroun, la Cameroon Railways (Camrail), filiale du groupe fran\u00e7ais Bollor\u00e9, va proc\u00e9der \u00e0 la r\u00e9organisation et au renforcement de ses activit\u00e9s, a annonc\u00e9 Pascal Miny, le directeur g\u00e9n\u00e9ral. Intervenant \u00e0 l&rsquo;occasion d&rsquo;une c\u00e9r\u00e9monie officielle ce week-end, il a expliqu\u00e9 que cela se fera \u00e0 travers la mise en service des nouvelles locomotives. &nbsp; Cameroon Railways (Camrail) va mettre en service de nouvelles locomotives. C&rsquo;est ce qu&rsquo;a annonc\u00e9 ce week-end, le directeur g\u00e9n\u00e9ral de la filiale de\u00a0Bollor\u00e9\u00a0Transport &amp;\u00a0Logistics,\u00a0soci\u00e9t\u00e9 concessionnaire du transport ferroviaire dans le pays, Pascal Miny, qui a indiqu\u00e9 que sa soci\u00e9t\u00e9 proc\u00e9dera ainsi \u00e0 la r\u00e9organisation et au renforcement de ses activit\u00e9s. Le Top management a ajout\u00e9 que ces nouveaux engins devraient \u00eatre op\u00e9rationnels avant la Coupe d&rsquo;Afrique des Nations (CAN) 2019 qu&rsquo;abritera le Cameroun. L&rsquo;annonce du directeur g\u00e9n\u00e9ral, Pascal Miny, est intervenue \u00e0 l&rsquo;occasion d&rsquo;une c\u00e9r\u00e9monie en pr\u00e9lude \u00e0 la comm\u00e9moration ce dimanche le 21 octobre 2018, du second anniversaire de l&rsquo;accident ferroviaire d&rsquo;Eseka\u00a0ayant officiellement fait 79 morts et 600 bless\u00e9s. \u00ab\u00a0L&rsquo;organisation de cette c\u00e9r\u00e9monie de communion avec les orphelins de l&rsquo;accident d&rsquo;Eseka est un accompagnement pour marquer notre solidarit\u00e9 \u00e0 ces enfants qui, au-del\u00e0 des autres aspects li\u00e9s aux indemnisations des ayants droits, ont re\u00e7u des bons scolaires afin de poursuivre leurs \u00e9tudes\u00a0\u00bb, a d&rsquo;ailleurs comment\u00e9 le responsable. Lire aussi :Cameroun\/Bollor\u00e9\u00a0: Cyrille \u00e0 l&rsquo;\u00e9preuve du d\u00e9raillement A noter qu&rsquo;au total 88 orphelins des victimes de la catastrophe ferroviaire ont re\u00e7u l&rsquo;appui des responsables de Camrail lors des c\u00e9r\u00e9monies qui ont respectivement eu lieu dans les villes de Douala, Yaound\u00e9 et Ngaound\u00e9r\u00e9. La soci\u00e9t\u00e9 avait \u00e9t\u00e9 condamn\u00e9e par la justice camerounaise pour \u00abhomicide, blessures involontaires et activit\u00e9s dangereuses\u00a0\u00bb et devrait donc indemniser les victimes, m\u00eame si ses avocats ont d\u00e9nonc\u00e9 un verdict pris en \u00ab\u00a0l&rsquo;absence de toute expertise qualifi\u00e9e et comp\u00e9tente\u00a0\u00bb et interjet\u00e9 appel de la d\u00e9cision.<\/p>","protected":false},"author":1,"featured_media":76,"comment_status":"open","ping_status":"open","sticky":false,"template":"","format":"standard","meta":{"_acf_changed":false,"_crdt_document":"","inline_featured_image":false,"site-sidebar-layout":"default","site-content-layout":"","ast-site-content-layout":"default","site-content-style":"default","site-sidebar-style":"default","ast-global-header-display":"","ast-banner-title-visibility":"","ast-main-header-display":"","ast-hfb-above-header-display":"","ast-hfb-below-header-display":"","ast-hfb-mobile-header-display":"","site-post-title":"","ast-breadcrumbs-content":"","ast-featured-img":"","footer-sml-layout":"","theme-transparent-header-meta":"default","adv-header-id-meta":"","stick-header-meta":"","header-above-stick-meta":"","header-main-stick-meta":"","header-below-stick-meta":"","astra-migrate-meta-layouts":"set","ast-page-background-enabled":"default","ast-page-background-meta":{"desktop":{"background-color":"var(--ast-global-color-4)","background-image":"","background-repeat":"repeat","background-position":"center center","background-size":"auto","background-attachment":"scroll","background-type":"","background-media":"","overlay-type":"","overlay-color":"","overlay-opacity":"","overlay-gradient":""},"tablet":{"background-color":"","background-image":"","background-repeat":"repeat","background-position":"center center","background-size":"auto","background-attachment":"scroll","background-type":"","background-media":"","overlay-type":"","overlay-color":"","overlay-opacity":"","overlay-gradient":""},"mobile":{"background-color":"","background-image":"","background-repeat":"repeat","background-position":"center center","background-size":"auto","background-attachment":"scroll","background-type":"","background-media":"","overlay-type":"","overlay-color":"","overlay-opacity":"","overlay-gradient":""}},"ast-content-background-meta":{"desktop":{"background-color":"var(--ast-global-color-5)","background-image":"","background-repeat":"repeat","background-position":"center center","background-size":"auto","background-attachment":"scroll","background-type":"","background-media":"","overlay-type":"","overlay-color":"","overlay-opacity":"","overlay-gradient":""},"tablet":{"background-color":"var(--ast-global-color-5)","background-image":"","background-repeat":"repeat","background-position":"center center","background-size":"auto","background-attachment":"scroll","background-type":"","background-media":"","overlay-type":"","overlay-color":"","overlay-opacity":"","overlay-gradient":""},"mobile":{"background-color":"var(--ast-global-color-5)","background-image":"","background-repeat":"repeat","background-position":"center center","background-size":"auto","background-attachment":"scroll","background-type":"","background-media":"","overlay-type":"","overlay-color":"","overlay-opacity":"","overlay-gradient":""}},"footnotes":""},"categories":[23],"tags":[],"class_list":["post-448","post","type-post","status-publish","format-standard","has-post-thumbnail","hentry","category-actualites"],"acf":[],"rttpg_featured_image_url":{"full":["https:\/\/camrail.cm\/wp-content\/uploads\/2024\/04\/QUAI-GARE-DE-BESSENGUE.jpg",1798,1200,false],"landscape":["https:\/\/camrail.cm\/wp-content\/uploads\/2024\/04\/QUAI-GARE-DE-BESSENGUE.jpg",1798,1200,false],"portraits":["https:\/\/camrail.cm\/wp-content\/uploads\/2024\/04\/QUAI-GARE-DE-BESSENGUE.jpg",1798,1200,false],"thumbnail":["https:\/\/camrail.cm\/wp-content\/uploads\/2024\/04\/QUAI-GARE-DE-BESSENGUE-150x150.jpg",150,150,true],"medium":["https:\/\/camrail.cm\/wp-content\/uploads\/2024\/04\/QUAI-GARE-DE-BESSENGUE-300x200.jpg",300,200,true],"large":["https:\/\/camrail.cm\/wp-content\/uploads\/2024\/04\/QUAI-GARE-DE-BESSENGUE-1024x683.jpg",1024,683,true],"1536x1536":["https:\/\/camrail.cm\/wp-content\/uploads\/2024\/04\/QUAI-GARE-DE-BESSENGUE-1536x1025.jpg",1536,1025,true],"2048x2048":["https:\/\/camrail.cm\/wp-content\/uploads\/2024\/04\/QUAI-GARE-DE-BESSENGUE.jpg",1798,1200,false],"trp-custom-language-flag":["https:\/\/camrail.cm\/wp-content\/uploads\/2024\/04\/QUAI-GARE-DE-BESSENGUE.jpg",18,12,false],"tp-image-grid":["https:\/\/camrail.cm\/wp-content\/uploads\/2024\/04\/QUAI-GARE-DE-BESSENGUE.jpg",700,467,false],"job-image":["https:\/\/camrail.cm\/wp-content\/uploads\/2024\/04\/QUAI-GARE-DE-BESSENGUE.jpg",599,400,false]},"rttpg_author":{"display_name":"peguy10","author_link":"https:\/\/camrail.cm\/en\/author\/peguy10\/"},"rttpg_comment":1,"rttpg_category":"<a href=\"https:\/\/camrail.cm\/en\/category\/press-release\/\" rel=\"category tag\">ACTUALIT\u00c9S<\/a>","rttpg_excerpt":"La soci\u00e9t\u00e9 concessionnaire du transport ferroviaire au Cameroun, la Cameroon Railways (Camrail), filiale du groupe fran\u00e7ais Bollor\u00e9, va proc\u00e9der \u00e0 la r\u00e9organisation et au renforcement de ses activit\u00e9s, a annonc\u00e9 Pascal Miny, le directeur g\u00e9n\u00e9ral. Intervenant \u00e0 l&rsquo;occasion d&rsquo;une c\u00e9r\u00e9monie officielle ce week-end, il a expliqu\u00e9 que cela se fera \u00e0 travers la mise en&hellip;","_links":{"self":[{"href":"https:\/\/camrail.cm\/en\/wp-json\/wp\/v2\/posts\/448","targetHints":{"allow":["GET"]}}],"collection":[{"href":"https:\/\/camrail.cm\/en\/wp-json\/wp\/v2\/posts"}],"about":[{"href":"https:\/\/camrail.cm\/en\/wp-json\/wp\/v2\/types\/post"}],"author":[{"embeddable":true,"href":"https:\/\/camrail.cm\/en\/wp-json\/wp\/v2\/users\/1"}],"replies":[{"embeddable":true,"href":"https:\/\/camrail.cm\/en\/wp-json\/wp\/v2\/comments?post=448"}],"version-history":[{"count":1,"href":"https:\/\/camrail.cm\/en\/wp-json\/wp\/v2\/posts\/448\/revisions"}],"predecessor-version":[{"id":451,"href":"https:\/\/camrail.cm\/en\/wp-json\/wp\/v2\/posts\/448\/revisions\/451"}],"wp:featuredmedia":[{"embeddable":true,"href":"https:\/\/camrail.cm\/en\/wp-json\/wp\/v2\/media\/76"}],"wp:attachment":[{"href":"https:\/\/camrail.cm\/en\/wp-json\/wp\/v2\/media?parent=448"}],"wp:term":[{"taxonomy":"category","embeddable":true,"href":"https:\/\/camrail.cm\/en\/wp-json\/wp\/v2\/categories?post=448"},{"taxonomy":"post_tag","embeddable":true,"href":"https:\/\/camrail.cm\/en\/wp-json\/wp\/v2\/tags?post=448"}],"curies":[{"name":"wp","href":"https:\/\/api.w.org\/{rel}","templated":true}]}}